{"id":14366,"date":"2018-05-17T16:00:39","date_gmt":"2018-05-17T14:00:39","guid":{"rendered":"http:\/\/zomerfolk.nl\/?p=14366"},"modified":"2018-03-16T11:02:25","modified_gmt":"2018-03-16T10:02:25","slug":"tbt-zomerfolk-2017-anyone-want-an-autograph","status":"publish","type":"post","link":"https:\/\/zomerfolk.nl\/de\/blog\/2018\/05\/17\/tbt-zomerfolk-2017-anyone-want-an-autograph\/","title":{"rendered":"[:en]TBT Zomerfolk 2017: anyone want an autograph?[:nl]TBT Zomerfolk 2017: iemand een handtekening?[:de]TBT Zomerfolk 2017: Autogramm gef\u00e4llig?[:]"},"content":{"rendered":"<p>[:en]<img loading=\"lazy\" decoding=\"async\" class=\"aligncenter size-large wp-image-14367\" src=\"http:\/\/zomerfolk.nl\/wp-content\/uploads\/2018\/03\/IMGL5746-1024x683.jpg\" alt=\"\" width=\"740\" height=\"494\" srcset=\"https:\/\/zomerfolk.nl\/wp-content\/uploads\/2018\/03\/IMGL5746-1024x683.jpg 1024w, https:\/\/zomerfolk.nl\/wp-content\/uploads\/2018\/03\/IMGL5746-300x200.jpg 300w, https:\/\/zomerfolk.nl\/wp-content\/uploads\/2018\/03\/IMGL5746-768x512.jpg 768w, https:\/\/zomerfolk.nl\/wp-content\/uploads\/2018\/03\/IMGL5746-555x370.jpg 555w, https:\/\/zomerfolk.nl\/wp-content\/uploads\/2018\/03\/IMGL5746-725x483.jpg 725w, https:\/\/zomerfolk.nl\/wp-content\/uploads\/2018\/03\/IMGL5746.jpg 1440w\" sizes=\"(max-width: 740px) 100vw, 740px\" \/>If you want an autograph by Rapalje, have your picture taken with one of the guys or just in for a chat: William, Mace\u00e1l, David and Dieb are at your service at Zomerfolk!<\/p>\n<p>&nbsp;[:nl]<img loading=\"lazy\" decoding=\"async\" class=\"aligncenter size-large wp-image-14367\" src=\"http:\/\/zomerfolk.nl\/wp-content\/uploads\/2018\/03\/IMGL5746-1024x683.jpg\" alt=\"\" width=\"740\" height=\"494\" srcset=\"https:\/\/zomerfolk.nl\/wp-content\/uploads\/2018\/03\/IMGL5746-1024x683.jpg 1024w, https:\/\/zomerfolk.nl\/wp-content\/uploads\/2018\/03\/IMGL5746-300x200.jpg 300w, https:\/\/zomerfolk.nl\/wp-content\/uploads\/2018\/03\/IMGL5746-768x512.jpg 768w, https:\/\/zomerfolk.nl\/wp-content\/uploads\/2018\/03\/IMGL5746-555x370.jpg 555w, https:\/\/zomerfolk.nl\/wp-content\/uploads\/2018\/03\/IMGL5746-725x483.jpg 725w, https:\/\/zomerfolk.nl\/wp-content\/uploads\/2018\/03\/IMGL5746.jpg 1440w\" sizes=\"(max-width: 740px) 100vw, 740px\" \/><\/p>\n<p>Als je een handtekening wilt van Rapalje, op de foto wilt gaan met een van de mannen of gewoon een praatje wilt maken: William, Mace\u00e1l, David en Dieb staan voor je klaar bij Zomerfolk![:de]<img loading=\"lazy\" decoding=\"async\" class=\"aligncenter size-large wp-image-14367\" src=\"http:\/\/zomerfolk.nl\/wp-content\/uploads\/2018\/03\/IMGL5746-1024x683.jpg\" alt=\"\" width=\"740\" height=\"494\" srcset=\"https:\/\/zomerfolk.nl\/wp-content\/uploads\/2018\/03\/IMGL5746-1024x683.jpg 1024w, https:\/\/zomerfolk.nl\/wp-content\/uploads\/2018\/03\/IMGL5746-300x200.jpg 300w, https:\/\/zomerfolk.nl\/wp-content\/uploads\/2018\/03\/IMGL5746-768x512.jpg 768w, https:\/\/zomerfolk.nl\/wp-content\/uploads\/2018\/03\/IMGL5746-555x370.jpg 555w, https:\/\/zomerfolk.nl\/wp-content\/uploads\/2018\/03\/IMGL5746-725x483.jpg 725w, https:\/\/zomerfolk.nl\/wp-content\/uploads\/2018\/03\/IMGL5746.jpg 1440w\" sizes=\"(max-width: 740px) 100vw, 740px\" \/><\/p>\n<p>Wenn du ein Autogramm von Rapalje m\u00f6chtest, oder mit einem der Jungs auf ein Foto, oder einfach ein kleines Gesp\u00e4ch mit ihnen f\u00fchren willst &#8211; William, Mace\u00e1l, David und Dieb sind f\u00fcr dich da beim Zomerfolk![:]<\/p>\n","protected":false},"excerpt":{"rendered":"<p>[:en]If you want an autograph by Rapalje, have your picture taken with one of the guys or just in for a chat: William, Mace\u00e1l, David and Dieb are at your service at Zomerfolk! &nbsp;[:nl] Als je een handtekening wilt van Rapalje, op de foto wilt gaan met een van de mannen of gewoon een praatje [&hellip;]<\/p>\n","protected":false},"author":1,"featured_media":14367,"comment_status":"closed","ping_status":"closed","sticky":false,"template":"","format":"standard","meta":{"_et_pb_use_builder":"","_et_pb_old_content":"","_et_gb_content_width":"","footnotes":""},"categories":[7,8],"tags":[62,99,115,97,96,93,94,82],"class_list":["post-14366","post","type-post","status-publish","format-standard","has-post-thumbnail","hentry","category-home","category-nieuws","tag-bagpipes","tag-folkfestival","tag-folkfestivaleurope","tag-folkmusic","tag-rapaljecelticfolkmusic","tag-rapaljezomerfolk","tag-stadsparkgroningen","tag-kilts"],"_links":{"self":[{"href":"https:\/\/zomerfolk.nl\/de\/wp-json\/wp\/v2\/posts\/14366","targetHints":{"allow":["GET"]}}],"collection":[{"href":"https:\/\/zomerfolk.nl\/de\/wp-json\/wp\/v2\/posts"}],"about":[{"href":"https:\/\/zomerfolk.nl\/de\/wp-json\/wp\/v2\/types\/post"}],"author":[{"embeddable":true,"href":"https:\/\/zomerfolk.nl\/de\/wp-json\/wp\/v2\/users\/1"}],"replies":[{"embeddable":true,"href":"https:\/\/zomerfolk.nl\/de\/wp-json\/wp\/v2\/comments?post=14366"}],"version-history":[{"count":0,"href":"https:\/\/zomerfolk.nl\/de\/wp-json\/wp\/v2\/posts\/14366\/revisions"}],"wp:featuredmedia":[{"embeddable":true,"href":"https:\/\/zomerfolk.nl\/de\/wp-json\/wp\/v2\/media\/14367"}],"wp:attachment":[{"href":"https:\/\/zomerfolk.nl\/de\/wp-json\/wp\/v2\/media?parent=14366"}],"wp:term":[{"taxonomy":"category","embeddable":true,"href":"https:\/\/zomerfolk.nl\/de\/wp-json\/wp\/v2\/categories?post=14366"},{"taxonomy":"post_tag","embeddable":true,"href":"https:\/\/zomerfolk.nl\/de\/wp-json\/wp\/v2\/tags?post=14366"}],"curies":[{"name":"wp","href":"https:\/\/api.w.org\/{rel}","templated":true}]}}