{"id":15160,"date":"2018-05-09T18:00:05","date_gmt":"2018-05-09T16:00:05","guid":{"rendered":"http:\/\/zomerfolk.nl\/?p=15160"},"modified":"2018-05-09T13:35:10","modified_gmt":"2018-05-09T11:35:10","slug":"ganaim-at-zomerfolk-2018","status":"publish","type":"post","link":"https:\/\/zomerfolk.nl\/en\/blog\/2018\/05\/09\/ganaim-at-zomerfolk-2018\/","title":{"rendered":"[:en]Ganaim at Zomerfolk 2018![:nl]Ganaim op Zomerfolk 2018![:de]Ganaim auf Zomerfolk 2018![:]"},"content":{"rendered":"<p>[:en]<img loading=\"lazy\" decoding=\"async\" class=\"aligncenter size-large wp-image-15156\" src=\"http:\/\/zomerfolk.nl\/wp-content\/uploads\/2018\/05\/ganaim-web-Medium-1024x681.png\" alt=\"\" width=\"740\" height=\"492\" srcset=\"https:\/\/zomerfolk.nl\/wp-content\/uploads\/2018\/05\/ganaim-web-Medium-1024x681.png 1024w, https:\/\/zomerfolk.nl\/wp-content\/uploads\/2018\/05\/ganaim-web-Medium-300x199.png 300w, https:\/\/zomerfolk.nl\/wp-content\/uploads\/2018\/05\/ganaim-web-Medium-768x511.png 768w, https:\/\/zomerfolk.nl\/wp-content\/uploads\/2018\/05\/ganaim-web-Medium-556x370.png 556w, https:\/\/zomerfolk.nl\/wp-content\/uploads\/2018\/05\/ganaim-web-Medium-725x482.png 725w, https:\/\/zomerfolk.nl\/wp-content\/uploads\/2018\/05\/ganaim-web-Medium.png 1155w\" sizes=\"(max-width: 740px) 100vw, 740px\" \/><\/p>\n<p>In exactly one month from now the Rapalje Zomerfolk Festival starts. Of course you&#8217;ve already seen the incredible line-up so far including the Red Hot Chilli Pipers and The Kilkennys and now we&#8217;re adding another name to the list: Ganaim!<br \/>\n<!--more--><\/p>\n<p>The traditional folk music of <a href=\"http:\/\/zomerfolk.nl\/ganaim\/\">GANAIM<\/a> takes you on a journey through Europe\u00b4s diverse cultural heritage. Even if you listen to GANAIM for the first time you will enjoy their music straight away: the well-known tunes and traditional songs invite you to sing and dance along! For the other bands, check our <a href=\"http:\/\/zomerfolk.nl\/line-up\/\">line-up<\/a>![:nl]<img loading=\"lazy\" decoding=\"async\" class=\"aligncenter size-large wp-image-15156\" src=\"http:\/\/zomerfolk.nl\/wp-content\/uploads\/2018\/05\/ganaim-web-Medium-1024x681.png\" alt=\"\" width=\"740\" height=\"492\" srcset=\"https:\/\/zomerfolk.nl\/wp-content\/uploads\/2018\/05\/ganaim-web-Medium-1024x681.png 1024w, https:\/\/zomerfolk.nl\/wp-content\/uploads\/2018\/05\/ganaim-web-Medium-300x199.png 300w, https:\/\/zomerfolk.nl\/wp-content\/uploads\/2018\/05\/ganaim-web-Medium-768x511.png 768w, https:\/\/zomerfolk.nl\/wp-content\/uploads\/2018\/05\/ganaim-web-Medium-556x370.png 556w, https:\/\/zomerfolk.nl\/wp-content\/uploads\/2018\/05\/ganaim-web-Medium-725x482.png 725w, https:\/\/zomerfolk.nl\/wp-content\/uploads\/2018\/05\/ganaim-web-Medium.png 1155w\" sizes=\"(max-width: 740px) 100vw, 740px\" \/><\/p>\n<p>Over precies een maand begint het Rapalje Zomerfolk Festival. Natuurlijk heb je de ongelooflijke line-up tot nu toe al gezien waaronder de Red Hot Chilli Pipers en The Kilkennys en nu voegen we weer een geweldige naam toe aan de lijst: Ganaim!<\/p>\n<p><!--more--><\/p>\n<p>De traditionele volksmuziek van <a href=\"http:\/\/zomerfolk.nl\/ganaim\/\" target=\"_blank\" rel=\"noopener\">GANAIM<\/a> neemt je mee op reis door het diverse culturele erfgoed van Europa. Zelfs als je voor de eerste keer naar GANAIM luistert, geniet je meteen van hun muziek: de bekende melodie\u00ebn en traditionele liedjes nodigen je uit om mee te zingen en mee te dansen! Voor de andere bands, bekijk onze <a href=\"http:\/\/zomerfolk.nl\/line-up\/\">line-up pagina<\/a>![:de]<img loading=\"lazy\" decoding=\"async\" class=\"aligncenter size-large wp-image-15156\" src=\"http:\/\/zomerfolk.nl\/wp-content\/uploads\/2018\/05\/ganaim-web-Medium-1024x681.png\" alt=\"\" width=\"740\" height=\"492\" srcset=\"https:\/\/zomerfolk.nl\/wp-content\/uploads\/2018\/05\/ganaim-web-Medium-1024x681.png 1024w, https:\/\/zomerfolk.nl\/wp-content\/uploads\/2018\/05\/ganaim-web-Medium-300x199.png 300w, https:\/\/zomerfolk.nl\/wp-content\/uploads\/2018\/05\/ganaim-web-Medium-768x511.png 768w, https:\/\/zomerfolk.nl\/wp-content\/uploads\/2018\/05\/ganaim-web-Medium-556x370.png 556w, https:\/\/zomerfolk.nl\/wp-content\/uploads\/2018\/05\/ganaim-web-Medium-725x482.png 725w, https:\/\/zomerfolk.nl\/wp-content\/uploads\/2018\/05\/ganaim-web-Medium.png 1155w\" sizes=\"(max-width: 740px) 100vw, 740px\" \/><\/p>\n<p>Das Rapalje Zomerfolk Festival beginnt in genau einem Monat. Nat\u00fcrlich hast du das unglaubliche Line-Up bis jetzt schon gesehen, einschlie\u00dflich der Red Hot Chilli Pipers und The Kilkennys und jetzt f\u00fcgen wir einen weiteren gro\u00dfartigen Namen zu der Liste hinzu: Ganaim!<\/p>\n<p><!--more--><\/p>\n<p><a href=\"http:\/\/zomerfolk.nl\/ganaim\/\" target=\"_blank\" rel=\"noopener\">GANAIM<\/a> entf\u00fchren mit traditionellem Celtic Folk zu einer musikalischen Zeitreise durch die verschiedensten Regionen Europas.\u00a0Und auch wer GANAIM zum ersten Mal h\u00f6rt, kommt voll auf seine Kosten: Die wohlbekannten traditionellen Melodien sind mitrei\u00dfend und laden direkt zum Mitsingen und Tanzen ein. Siehe auch den Rest des <a href=\"http:\/\/zomerfolk.nl\/line-up\/\" target=\"_blank\" rel=\"noopener\">Line-Up<\/a>![:]<\/p>\n","protected":false},"excerpt":{"rendered":"<p>[:en] In exactly one month from now the Rapalje Zomerfolk Festival starts. Of course you&#8217;ve already seen the incredible line-up so far including the Red Hot Chilli Pipers and The Kilkennys and now we&#8217;re adding another name to the list: Ganaim!<\/p>\n","protected":false},"author":1,"featured_media":15156,"comment_status":"closed","ping_status":"closed","sticky":false,"template":"","format":"standard","meta":{"_et_pb_use_builder":"","_et_pb_old_content":"","_et_gb_content_width":"","footnotes":""},"categories":[7,8],"tags":[110,99,115,97,142,96,93,94],"class_list":["post-15160","post","type-post","status-publish","format-standard","has-post-thumbnail","hentry","category-home","category-nieuws","tag-folk-festival","tag-folkfestival","tag-folkfestivaleurope","tag-folkmusic","tag-ganaim","tag-rapaljecelticfolkmusic","tag-rapaljezomerfolk","tag-stadsparkgroningen"],"_links":{"self":[{"href":"https:\/\/zomerfolk.nl\/en\/wp-json\/wp\/v2\/posts\/15160","targetHints":{"allow":["GET"]}}],"collection":[{"href":"https:\/\/zomerfolk.nl\/en\/wp-json\/wp\/v2\/posts"}],"about":[{"href":"https:\/\/zomerfolk.nl\/en\/wp-json\/wp\/v2\/types\/post"}],"author":[{"embeddable":true,"href":"https:\/\/zomerfolk.nl\/en\/wp-json\/wp\/v2\/users\/1"}],"replies":[{"embeddable":true,"href":"https:\/\/zomerfolk.nl\/en\/wp-json\/wp\/v2\/comments?post=15160"}],"version-history":[{"count":0,"href":"https:\/\/zomerfolk.nl\/en\/wp-json\/wp\/v2\/posts\/15160\/revisions"}],"wp:featuredmedia":[{"embeddable":true,"href":"https:\/\/zomerfolk.nl\/en\/wp-json\/wp\/v2\/media\/15156"}],"wp:attachment":[{"href":"https:\/\/zomerfolk.nl\/en\/wp-json\/wp\/v2\/media?parent=15160"}],"wp:term":[{"taxonomy":"category","embeddable":true,"href":"https:\/\/zomerfolk.nl\/en\/wp-json\/wp\/v2\/categories?post=15160"},{"taxonomy":"post_tag","embeddable":true,"href":"https:\/\/zomerfolk.nl\/en\/wp-json\/wp\/v2\/tags?post=15160"}],"curies":[{"name":"wp","href":"https:\/\/api.w.org\/{rel}","templated":true}]}}