{"id":16257,"date":"2018-06-02T14:22:16","date_gmt":"2018-06-02T12:22:16","guid":{"rendered":"http:\/\/zomerfolk.nl\/?p=16257"},"modified":"2018-06-02T14:22:16","modified_gmt":"2018-06-02T12:22:16","slug":"menu-celtic-buffet-camping-stadspark","status":"publish","type":"post","link":"https:\/\/zomerfolk.nl\/en\/blog\/2018\/06\/02\/menu-celtic-buffet-camping-stadspark\/","title":{"rendered":"[:en]Menu Celtic Buffet Camping Stadspark[:nl]Menu Keltisch Buffet Camping Stadspark[:de]Men\u00fc Keltisches Buffet[:]"},"content":{"rendered":"<p>[:en]<img loading=\"lazy\" decoding=\"async\" class=\"aligncenter size-large wp-image-16258\" src=\"http:\/\/zomerfolk.nl\/wp-content\/uploads\/2018\/06\/Celtic-Buffet-Menu-2018-803x1024.jpg\" alt=\"\" width=\"740\" height=\"944\" srcset=\"https:\/\/zomerfolk.nl\/wp-content\/uploads\/2018\/06\/Celtic-Buffet-Menu-2018-803x1024.jpg 803w, https:\/\/zomerfolk.nl\/wp-content\/uploads\/2018\/06\/Celtic-Buffet-Menu-2018-235x300.jpg 235w, https:\/\/zomerfolk.nl\/wp-content\/uploads\/2018\/06\/Celtic-Buffet-Menu-2018-768x980.jpg 768w, https:\/\/zomerfolk.nl\/wp-content\/uploads\/2018\/06\/Celtic-Buffet-Menu-2018-290x370.jpg 290w, https:\/\/zomerfolk.nl\/wp-content\/uploads\/2018\/06\/Celtic-Buffet-Menu-2018-400x509.jpg 400w, https:\/\/zomerfolk.nl\/wp-content\/uploads\/2018\/06\/Celtic-Buffet-Menu-2018-725x925.jpg 725w, https:\/\/zomerfolk.nl\/wp-content\/uploads\/2018\/06\/Celtic-Buffet-Menu-2018.jpg 900w\" sizes=\"(max-width: 740px) 100vw, 740px\" \/><\/p>\n<p style=\"text-align: center;\">We already reported last week that if you stay at Camping Stadspark during Zomerfolk, you can take part in the Celtic Buffet on Friday evening, June 8th. Here is the menu!<!--more--><\/p>\n<p style=\"text-align: center;\">The costs for this buffet are \u20ac 19, &#8211; p.p. and reservations can be made via info@campingstadspark.nl or 050 &#8211; 5251624. Would you also like to have breakfast at the campsite? Then this can be done for \u20ac 8, &#8211; p.p. You can also indicate this at the campsite by mail, telephone or on the spot.<\/p>\n<p style=\"text-align: center;\">Have you not reserved a spot yet? There are still a few places left, so be quick. Who knows, we might see you there!<\/p>\n<p>[:nl]<img loading=\"lazy\" decoding=\"async\" class=\"aligncenter size-large wp-image-16258\" src=\"http:\/\/zomerfolk.nl\/wp-content\/uploads\/2018\/06\/Celtic-Buffet-Menu-2018-803x1024.jpg\" alt=\"\" width=\"740\" height=\"944\" srcset=\"https:\/\/zomerfolk.nl\/wp-content\/uploads\/2018\/06\/Celtic-Buffet-Menu-2018-803x1024.jpg 803w, https:\/\/zomerfolk.nl\/wp-content\/uploads\/2018\/06\/Celtic-Buffet-Menu-2018-235x300.jpg 235w, https:\/\/zomerfolk.nl\/wp-content\/uploads\/2018\/06\/Celtic-Buffet-Menu-2018-768x980.jpg 768w, https:\/\/zomerfolk.nl\/wp-content\/uploads\/2018\/06\/Celtic-Buffet-Menu-2018-290x370.jpg 290w, https:\/\/zomerfolk.nl\/wp-content\/uploads\/2018\/06\/Celtic-Buffet-Menu-2018-400x509.jpg 400w, https:\/\/zomerfolk.nl\/wp-content\/uploads\/2018\/06\/Celtic-Buffet-Menu-2018-725x925.jpg 725w, https:\/\/zomerfolk.nl\/wp-content\/uploads\/2018\/06\/Celtic-Buffet-Menu-2018.jpg 900w\" sizes=\"(max-width: 740px) 100vw, 740px\" \/><\/p>\n<p style=\"text-align: center;\">We hebben vorige week al gemeld dat als je op Camping Stadspark logeert tijdens Zomerfolk, je op vrijdagavond 8 juni deel kunt nemen aan het Keltisch Buffet. Hier is het menu!<!--more--><\/p>\n<p style=\"text-align: center;\">De kosten voor dit buffet zijn \u20ac19,- p.p. en reserveren kan via info@campingstadspark.nl of 050 \u2013 5251624. Wil je ook ontbijten op de camping? Dan kan dit al voor \u20ac8,- p.p. Ook dit kun je bij de camping zelf aangeven via mail, telefoon of ter plekke.<\/p>\n<p style=\"text-align: center;\">Nog geen plekje gereserveerd? Er zijn nog een paar plaatsen over dus wees er snel bij. Wie weet zien we je daar!<\/p>\n<p>[:de]<img loading=\"lazy\" decoding=\"async\" class=\"aligncenter size-large wp-image-16258\" src=\"http:\/\/zomerfolk.nl\/wp-content\/uploads\/2018\/06\/Celtic-Buffet-Menu-2018-803x1024.jpg\" alt=\"\" width=\"740\" height=\"944\" srcset=\"https:\/\/zomerfolk.nl\/wp-content\/uploads\/2018\/06\/Celtic-Buffet-Menu-2018-803x1024.jpg 803w, https:\/\/zomerfolk.nl\/wp-content\/uploads\/2018\/06\/Celtic-Buffet-Menu-2018-235x300.jpg 235w, https:\/\/zomerfolk.nl\/wp-content\/uploads\/2018\/06\/Celtic-Buffet-Menu-2018-768x980.jpg 768w, https:\/\/zomerfolk.nl\/wp-content\/uploads\/2018\/06\/Celtic-Buffet-Menu-2018-290x370.jpg 290w, https:\/\/zomerfolk.nl\/wp-content\/uploads\/2018\/06\/Celtic-Buffet-Menu-2018-400x509.jpg 400w, https:\/\/zomerfolk.nl\/wp-content\/uploads\/2018\/06\/Celtic-Buffet-Menu-2018-725x925.jpg 725w, https:\/\/zomerfolk.nl\/wp-content\/uploads\/2018\/06\/Celtic-Buffet-Menu-2018.jpg 900w\" sizes=\"(max-width: 740px) 100vw, 740px\" \/><\/p>\n<p style=\"text-align: center;\">Wir haben bereits letzte Woche berichtet, dass du, wenn du w\u00e4hrend des Zomerfolk beim Camping Stadspark \u00fcbernachtest, am Freitagabend, dem 8. Juni, am Celtic Buffet teilnehmen k\u00f6nntest. Hier ist die Speisekarte!<!--more--><\/p>\n<p style=\"text-align: center;\">Die Kosten f\u00fcr dieses Buffet betragen \u20ac 19, &#8211; pro Person und Reservierungen k\u00f6nnen \u00fcber info@campingstadspark.nl oder 050 &#8211; 5251624 get\u00e4tigt werden. M\u00f6chtest du auch auf dem Campingplatz fr\u00fchst\u00fccken? Dann kann das f\u00fcr\u00a0\u20ac 8, &#8211; p. P. Du k\u00f6nntest dies auch beim dem Campingplatz per Email, Telefon oder vor Ort angeben.<\/p>\n<p style=\"text-align: center;\">Hast du noch keinen Platz reserviert? Es gibt noch ein paar Pl\u00e4tze frei, also sei schnell. Wer wei\u00df, vielleicht sehen wir uns dort!<\/p>\n<p>[:]<\/p>\n","protected":false},"excerpt":{"rendered":"<p>[:en] We already reported last week that if you stay at Camping Stadspark during Zomerfolk, you can take part in the Celtic Buffet on Friday evening, June 8th. Here is the menu!<\/p>\n","protected":false},"author":1,"featured_media":16258,"comment_status":"closed","ping_status":"closed","sticky":false,"template":"","format":"standard","meta":{"_et_pb_use_builder":"","_et_pb_old_content":"","_et_gb_content_width":"","footnotes":""},"categories":[7,8],"tags":[132,99,115,97,96,93,118,117],"class_list":["post-16257","post","type-post","status-publish","format-standard","has-post-thumbnail","hentry","category-home","category-nieuws","tag-festivalfood","tag-folkfestival","tag-folkfestivaleurope","tag-folkmusic","tag-rapaljecelticfolkmusic","tag-rapaljezomerfolk","tag-rzf","tag-rzf2018"],"_links":{"self":[{"href":"https:\/\/zomerfolk.nl\/en\/wp-json\/wp\/v2\/posts\/16257","targetHints":{"allow":["GET"]}}],"collection":[{"href":"https:\/\/zomerfolk.nl\/en\/wp-json\/wp\/v2\/posts"}],"about":[{"href":"https:\/\/zomerfolk.nl\/en\/wp-json\/wp\/v2\/types\/post"}],"author":[{"embeddable":true,"href":"https:\/\/zomerfolk.nl\/en\/wp-json\/wp\/v2\/users\/1"}],"replies":[{"embeddable":true,"href":"https:\/\/zomerfolk.nl\/en\/wp-json\/wp\/v2\/comments?post=16257"}],"version-history":[{"count":0,"href":"https:\/\/zomerfolk.nl\/en\/wp-json\/wp\/v2\/posts\/16257\/revisions"}],"wp:featuredmedia":[{"embeddable":true,"href":"https:\/\/zomerfolk.nl\/en\/wp-json\/wp\/v2\/media\/16258"}],"wp:attachment":[{"href":"https:\/\/zomerfolk.nl\/en\/wp-json\/wp\/v2\/media?parent=16257"}],"wp:term":[{"taxonomy":"category","embeddable":true,"href":"https:\/\/zomerfolk.nl\/en\/wp-json\/wp\/v2\/categories?post=16257"},{"taxonomy":"post_tag","embeddable":true,"href":"https:\/\/zomerfolk.nl\/en\/wp-json\/wp\/v2\/tags?post=16257"}],"curies":[{"name":"wp","href":"https:\/\/api.w.org\/{rel}","templated":true}]}}