{"id":4683,"date":"2016-03-08T15:38:05","date_gmt":"2016-03-08T15:38:05","guid":{"rendered":"http:\/\/zomerfolk.nl\/?p=4683"},"modified":"2016-03-11T11:35:28","modified_gmt":"2016-03-11T10:35:28","slug":"the-countdown-has-begun","status":"publish","type":"post","link":"https:\/\/zomerfolk.nl\/en\/blog\/2016\/03\/08\/the-countdown-has-begun\/","title":{"rendered":"[:en]The countdown has begun![:nl]Het aftellen is begonnen![:de]Der Countdown hat begonnen![:]"},"content":{"rendered":"<p>[:en]<iframe loading=\"lazy\" src=\"https:\/\/www.youtube.com\/embed\/NZZ1ffNeqtc\" width=\"560\" height=\"315\" frameborder=\"0\" allowfullscreen=\"allowfullscreen\"><\/iframe><\/p>\n<p style=\"text-align: center;\">In 88\u00a0days the Rapalje Zomerfolk\u00a0Festival will begin\u00a0again and organizer Rapalje has something to say to you!<\/p>\n<p><!--more--><\/p>\n<p style=\"text-align: center;\">As you can see we are working on\u00a0a fantastic website to make it even easier for you find everything you need to know about our lovely festival! June 4 and 5 are getting closer; keep a\u00a0close eye on our website and subscribe to our newsletter for regular updates!<\/p>\n<p>[:nl]<iframe loading=\"lazy\" src=\"https:\/\/www.youtube.com\/embed\/NZZ1ffNeqtc\" width=\"560\" height=\"315\" frameborder=\"0\" allowfullscreen=\"allowfullscreen\"><\/iframe><\/p>\n<p style=\"text-align: center;\">Over 88\u00a0dagen gaat het Rapalje Zomerfolk Festival weer van start\u00a0en daar wil organisator Rapalje iets over zeggen!<\/p>\n<p><!--more--><\/p>\n<p style=\"text-align: center;\">Zoals je ziet zijn we druk bezig met een fantastische website om het nog makkelijker voor jou te maken informatie te vinden\u00a0over ons mooie festival! 4 en 5 juni komen steeds dichter bij; houd onze site dan ook goed in de gaten en schrijf je in voor onze nieuwsbrief zodat je op de hoogte blijft van alle nieuwtjes!<\/p>\n<p>[:de]<iframe loading=\"lazy\" src=\"https:\/\/www.youtube.com\/embed\/NZZ1ffNeqtc\" width=\"560\" height=\"315\" frameborder=\"0\" allowfullscreen=\"allowfullscreen\"><\/iframe><\/p>\n<p style=\"text-align: center;\">In nur 88\u00a0Tage beginnt das \u00a0Rapalje Zomerfolk\u00a0Festival und Veranstalter Rapalje hat etwas zu berichten!<\/p>\n<p><!--more--><\/p>\n<p style=\"text-align: center;\">Wie du\u00a0sehen k\u00f6nntest, arbeiten\u00a0wir an\u00a0einer fantastischen neue Website, um es noch einfacher zu machen alles \u00fcber unserer sch\u00f6ne Festival zu finden! 4. und 5. Juni kommt immer n\u00e4her; besuche\u00a0unsere Website regelm\u00e4\u00dfig und abonniere auf unseren Newsletter um vollst\u00e4ndig informiert zu werden.<\/p>\n<p>[:]<\/p>\n","protected":false},"excerpt":{"rendered":"<p>[:en] In 88\u00a0days the Rapalje Zomerfolk\u00a0Festival will begin\u00a0again and organizer Rapalje has something to say to you!<\/p>\n","protected":false},"author":1,"featured_media":4766,"comment_status":"closed","ping_status":"closed","sticky":false,"template":"","format":"standard","meta":{"_et_pb_use_builder":"","_et_pb_old_content":"","_et_gb_content_width":"","footnotes":""},"categories":[7,8],"tags":[12,10,11],"class_list":["post-4683","post","type-post","status-publish","format-standard","has-post-thumbnail","hentry","category-home","category-nieuws","tag-festival","tag-rapalje","tag-zomerfolk"],"_links":{"self":[{"href":"https:\/\/zomerfolk.nl\/en\/wp-json\/wp\/v2\/posts\/4683","targetHints":{"allow":["GET"]}}],"collection":[{"href":"https:\/\/zomerfolk.nl\/en\/wp-json\/wp\/v2\/posts"}],"about":[{"href":"https:\/\/zomerfolk.nl\/en\/wp-json\/wp\/v2\/types\/post"}],"author":[{"embeddable":true,"href":"https:\/\/zomerfolk.nl\/en\/wp-json\/wp\/v2\/users\/1"}],"replies":[{"embeddable":true,"href":"https:\/\/zomerfolk.nl\/en\/wp-json\/wp\/v2\/comments?post=4683"}],"version-history":[{"count":0,"href":"https:\/\/zomerfolk.nl\/en\/wp-json\/wp\/v2\/posts\/4683\/revisions"}],"wp:featuredmedia":[{"embeddable":true,"href":"https:\/\/zomerfolk.nl\/en\/wp-json\/wp\/v2\/media\/4766"}],"wp:attachment":[{"href":"https:\/\/zomerfolk.nl\/en\/wp-json\/wp\/v2\/media?parent=4683"}],"wp:term":[{"taxonomy":"category","embeddable":true,"href":"https:\/\/zomerfolk.nl\/en\/wp-json\/wp\/v2\/categories?post=4683"},{"taxonomy":"post_tag","embeddable":true,"href":"https:\/\/zomerfolk.nl\/en\/wp-json\/wp\/v2\/tags?post=4683"}],"curies":[{"name":"wp","href":"https:\/\/api.w.org\/{rel}","templated":true}]}}