{"id":8271,"date":"2016-08-04T18:00:15","date_gmt":"2016-08-04T17:00:15","guid":{"rendered":"http:\/\/zomerfolk.nl\/?p=8271"},"modified":"2016-08-17T12:14:14","modified_gmt":"2016-08-17T11:14:14","slug":"never-mind-the-strangers-rapalje-at-zomerfolk-2016","status":"publish","type":"post","link":"https:\/\/zomerfolk.nl\/en\/blog\/2016\/08\/04\/never-mind-the-strangers-rapalje-at-zomerfolk-2016\/","title":{"rendered":"[:en]Never Mind The Strangers &#8211; Rapalje at Zomerfolk 2016![:nl]Never Mind The Strangers &#8211; Rapalje op Zomerfolk 2016![:de]Never Mind The Strangers &#8211; Rapalje auf dem Zomerfolk 2016![:]"},"content":{"rendered":"<p>[:en]<iframe loading=\"lazy\" src=\"https:\/\/www.youtube.com\/embed\/Xx0JQXw2IA0\" width=\"560\" height=\"315\" frameborder=\"0\" allowfullscreen=\"allowfullscreen\"><\/iframe><\/p>\n<p>Mace\u00e1l from Rapalje&#8217;s personal favorite, live at Zomerfolk 2016![:nl]<iframe loading=\"lazy\" src=\"https:\/\/www.youtube.com\/embed\/Xx0JQXw2IA0\" width=\"560\" height=\"315\" frameborder=\"0\" allowfullscreen=\"allowfullscreen\"><\/iframe><\/p>\n<p>Mace\u00e1l van Rapalje zijn persoonlijke favoriet; live op Zomerfolk 2016![:de]<iframe loading=\"lazy\" src=\"https:\/\/www.youtube.com\/embed\/Xx0JQXw2IA0\" width=\"560\" height=\"315\" frameborder=\"0\" allowfullscreen=\"allowfullscreen\"><\/iframe><\/p>\n<p>Das Lieblingslied von Mace\u00e1l von Rapalje &#8211; live auf dem Zomerfolk 2016![:]<\/p>\n","protected":false},"excerpt":{"rendered":"<p>[:en] Mace\u00e1l from Rapalje&#8217;s personal favorite, live at Zomerfolk 2016![:nl] Mace\u00e1l van Rapalje zijn persoonlijke favoriet; live op Zomerfolk 2016![:de] Das Lieblingslied von Mace\u00e1l von Rapalje &#8211; live auf dem Zomerfolk 2016![:]<\/p>\n","protected":false},"author":1,"featured_media":8321,"comment_status":"closed","ping_status":"closed","sticky":false,"template":"","format":"standard","meta":{"_et_pb_use_builder":"","_et_pb_old_content":"","_et_gb_content_width":"","footnotes":""},"categories":[7,8],"tags":[46,10,11],"class_list":["post-8271","post","type-post","status-publish","format-standard","has-post-thumbnail","hentry","category-home","category-nieuws","tag-maceal","tag-rapalje","tag-zomerfolk"],"_links":{"self":[{"href":"https:\/\/zomerfolk.nl\/en\/wp-json\/wp\/v2\/posts\/8271","targetHints":{"allow":["GET"]}}],"collection":[{"href":"https:\/\/zomerfolk.nl\/en\/wp-json\/wp\/v2\/posts"}],"about":[{"href":"https:\/\/zomerfolk.nl\/en\/wp-json\/wp\/v2\/types\/post"}],"author":[{"embeddable":true,"href":"https:\/\/zomerfolk.nl\/en\/wp-json\/wp\/v2\/users\/1"}],"replies":[{"embeddable":true,"href":"https:\/\/zomerfolk.nl\/en\/wp-json\/wp\/v2\/comments?post=8271"}],"version-history":[{"count":0,"href":"https:\/\/zomerfolk.nl\/en\/wp-json\/wp\/v2\/posts\/8271\/revisions"}],"wp:featuredmedia":[{"embeddable":true,"href":"https:\/\/zomerfolk.nl\/en\/wp-json\/wp\/v2\/media\/8321"}],"wp:attachment":[{"href":"https:\/\/zomerfolk.nl\/en\/wp-json\/wp\/v2\/media?parent=8271"}],"wp:term":[{"taxonomy":"category","embeddable":true,"href":"https:\/\/zomerfolk.nl\/en\/wp-json\/wp\/v2\/categories?post=8271"},{"taxonomy":"post_tag","embeddable":true,"href":"https:\/\/zomerfolk.nl\/en\/wp-json\/wp\/v2\/tags?post=8271"}],"curies":[{"name":"wp","href":"https:\/\/api.w.org\/{rel}","templated":true}]}}