{"id":9275,"date":"2017-02-04T17:00:47","date_gmt":"2017-02-04T16:00:47","guid":{"rendered":"http:\/\/zomerfolk.nl\/?p=9275"},"modified":"2017-03-07T10:13:56","modified_gmt":"2017-03-07T09:13:56","slug":"perkelt-ann","status":"publish","type":"post","link":"https:\/\/zomerfolk.nl\/en\/blog\/2017\/02\/04\/perkelt-ann\/","title":{"rendered":"[:en]And the next band in our 2017 line-up is&#8230;.[:nl]En de volgende band in onze 2017 line-up is&#8230;[:de]Und die n\u00e4chste Band in unserem Line-Up f\u00fcr 2017 ist&#8230;[:]"},"content":{"rendered":"<p>[:en]<\/p>\n<p style=\"text-align: center;\"><img loading=\"lazy\" decoding=\"async\" class=\"alignnone size-full wp-image-9301\" src=\"http:\/\/zomerfolk.nl\/wp-content\/uploads\/2017\/02\/PerKelt-1.jpg\" alt=\"\" width=\"1500\" height=\"900\" srcset=\"https:\/\/zomerfolk.nl\/wp-content\/uploads\/2017\/02\/PerKelt-1.jpg 1500w, https:\/\/zomerfolk.nl\/wp-content\/uploads\/2017\/02\/PerKelt-1-725x435.jpg 725w, https:\/\/zomerfolk.nl\/wp-content\/uploads\/2017\/02\/PerKelt-1-300x180.jpg 300w, https:\/\/zomerfolk.nl\/wp-content\/uploads\/2017\/02\/PerKelt-1-768x461.jpg 768w, https:\/\/zomerfolk.nl\/wp-content\/uploads\/2017\/02\/PerKelt-1-1024x614.jpg 1024w, https:\/\/zomerfolk.nl\/wp-content\/uploads\/2017\/02\/PerKelt-1-617x370.jpg 617w\" sizes=\"(max-width: 1500px) 100vw, 1500px\" \/><\/p>\n<p style=\"text-align: center;\">We are ready to announce the next band for Zomerfolk: PerKelt!<\/p>\n<p><!--more--><\/p>\n<p style=\"text-align: center;\">This band has played more than 700 shows throughout Europe, including Castlefest last year. Many of you have asked us whether the band could come to Zomerfolk\u00a0and after Rapalje shared the stage with these talented musicians, it was directly decided that the band should be there\u00a0at the 5th edition of our beautiful festival.<\/p>\n<p style=\"text-align: center;\"><a href=\"http:\/\/zomerfolk.nl\/perkelt\/\" target=\"_blank\">PerKelt<\/a> plays Celtic, Medieval speed folk; with flute, harp, guitar, percussion and vocals they bring a\u00a0unique energy to the audience. As with Rapalje it is difficult to sit still and beautiful melodic Celtic sounds will bring you into other realms\u00a0quickly.<\/p>\n<p style=\"text-align: center;\">Soon we will announce the rest of the line-up. The <a href=\"http:\/\/zomerfolk.nl\/tannahill-weavers\/\" target=\"_blank\">Tannahil Weavers<\/a>, <a href=\"http:\/\/zomerfolk.nl\/fling\/\" target=\"_blank\">Fling<\/a>, <a href=\"http:\/\/zomerfolk.nl\/harmony-glen\/\" target=\"_blank\">Harmony Glen<\/a> and now PerKelt are already confirmed and we have a lot more nice surprises in store for you!<\/p>\n<p>[:nl]<\/p>\n<p style=\"text-align: center;\"><img loading=\"lazy\" decoding=\"async\" class=\"alignnone size-full wp-image-9301\" src=\"http:\/\/zomerfolk.nl\/wp-content\/uploads\/2017\/02\/PerKelt-1.jpg\" alt=\"\" width=\"1500\" height=\"900\" srcset=\"https:\/\/zomerfolk.nl\/wp-content\/uploads\/2017\/02\/PerKelt-1.jpg 1500w, https:\/\/zomerfolk.nl\/wp-content\/uploads\/2017\/02\/PerKelt-1-725x435.jpg 725w, https:\/\/zomerfolk.nl\/wp-content\/uploads\/2017\/02\/PerKelt-1-300x180.jpg 300w, https:\/\/zomerfolk.nl\/wp-content\/uploads\/2017\/02\/PerKelt-1-768x461.jpg 768w, https:\/\/zomerfolk.nl\/wp-content\/uploads\/2017\/02\/PerKelt-1-1024x614.jpg 1024w, https:\/\/zomerfolk.nl\/wp-content\/uploads\/2017\/02\/PerKelt-1-617x370.jpg 617w\" sizes=\"(max-width: 1500px) 100vw, 1500px\" \/><\/p>\n<p style=\"text-align: center;\">We zijn er klaar voor de volgende band voor Zomerfolk aan te kondigen: PerKelt!<\/p>\n<p style=\"text-align: center;\">Deze band heeft al meer dan 700 shows in heel Europa gespeeld, waaronder Castlefest vorig jaar. Veel van jullie hebben ons gevraagd of deze band ook op Zomerfolk kon komen en nadat Rapalje het podium met deze getalenteerde muzikanten gedeeld heeft, is direct\u00a0besloten dat deze band niet mag ontbreken op de 5de editie van ons mooie festival!<\/p>\n<p style=\"text-align: center;\"><a href=\"http:\/\/zomerfolk.nl\/perkelt\/\" target=\"_blank\">PerKelt<\/a> speelt Keltisch Middeleeuwse speed folk; met fluit, harp, gitaar, percussie en zang nemen zij het publiek mee met hun\u00a0unieke energie. Net als bij een optreden van Rapalje is stilzitten moeilijk en de prachtige melodieuze Keltische klanken brengen je dan ook snel in hogere sferen.<\/p>\n<p style=\"text-align: center;\">Binnenkort zullen we de rest van de line-up aankondigen. <a href=\"http:\/\/zomerfolk.nl\/tannahill-weavers\/\">The Tannahill Weavers<\/a>, <a href=\"http:\/\/zomerfolk.nl\/fling\/\">Fling<\/a>, <a href=\"http:\/\/zomerfolk.nl\/harmony-glen\/\">Harmony Glen<\/a> en nu PerKelt zijn reeds bevestigd en we hebben nog veel meer leuke verrassingen voor je in petto!<\/p>\n<p style=\"text-align: center;\">Koop nu je <a href=\"http:\/\/zomerfolk.nl\/zomerfolk-tickets\/\" target=\"_blank\">tickets<\/a> voor 24 en 25 juni 2017 en mis de 5de editie van Zomerfolk niet!<\/p>\n<p style=\"text-align: center;\">\n<p>[:de]<\/p>\n<p style=\"text-align: center;\"><img loading=\"lazy\" decoding=\"async\" class=\"alignnone size-full wp-image-9301\" src=\"http:\/\/zomerfolk.nl\/wp-content\/uploads\/2017\/02\/PerKelt-1.jpg\" alt=\"\" width=\"1500\" height=\"900\" srcset=\"https:\/\/zomerfolk.nl\/wp-content\/uploads\/2017\/02\/PerKelt-1.jpg 1500w, https:\/\/zomerfolk.nl\/wp-content\/uploads\/2017\/02\/PerKelt-1-725x435.jpg 725w, https:\/\/zomerfolk.nl\/wp-content\/uploads\/2017\/02\/PerKelt-1-300x180.jpg 300w, https:\/\/zomerfolk.nl\/wp-content\/uploads\/2017\/02\/PerKelt-1-768x461.jpg 768w, https:\/\/zomerfolk.nl\/wp-content\/uploads\/2017\/02\/PerKelt-1-1024x614.jpg 1024w, https:\/\/zomerfolk.nl\/wp-content\/uploads\/2017\/02\/PerKelt-1-617x370.jpg 617w\" sizes=\"(max-width: 1500px) 100vw, 1500px\" \/><\/p>\n<p style=\"text-align: center;\">Wir sind bereit um euch die n\u00e4chste Band f\u00fcr das Zomerfolk anzuk\u00fcndigen: PerKelt!<\/p>\n<p style=\"text-align: center;\">Diese Band hat bereits mehr als 700 Shows in ganz Europa gespielt, auch z. B. auf Castlefest im letzten Jahr. Viele von euch haben uns gefragt, ob diese Band nicht auch auf dem Zomerfolk spielen kann, und nachdem Rapalje ein paar mal mit diesen talentierten Musikanten eine B\u00fchne auf verschiedenen Events geteilt hat, war gleich ganz klar: diese Band darf bei der 5. Ausgabe vom Zomerfolk nicht fehlen!<\/p>\n<p style=\"text-align: center;\"><a href=\"http:\/\/zomerfolk.nl\/perkelt\/\" target=\"_blank\">PerKelt<\/a> spielt keltischen Mittelalter Speedfolk. Mit Fl\u00f6te, Harfe, Gitarre, Percussion und Gesang und ganz viel Energie rei\u00dft\u00a0die Band das Publikum mit sich mit. Genau wie bei einem Auftritt von Rapalje ist stillsitzen dabei fast unm\u00f6glich, und die fantastischen melodischen Kl\u00e4nge bringen dich dann schnell in h\u00f6here Sph\u00e4ren.<\/p>\n<p style=\"text-align: center;\">Demn\u00e4chst werden wir den Rest des Line-Ups ank\u00fcndigen.\u00a0<a href=\"https:\/\/zomerfolk.nl\/de\/tannahill-weavers\/\">The Tannahill Weavers<\/a>, <a href=\"https:\/\/zomerfolk.nl\/de\/fling\/\">Fling<\/a>, <a href=\"https:\/\/zomerfolk.nl\/de\/harmony-glen\/\">Harmony Glen<\/a>\u00a0und jetzt\u00a0PerKelt sind bereits best\u00e4tigt und wir haben noch weitere tolle \u00dcberraschungen f\u00fcr dich in petto!<\/p>\n<p style=\"text-align: center;\">Besorgen dir jetzt <a href=\"https:\/\/zomerfolk.nl\/de\/zomerfolk-tickets\/\" target=\"_blank\">Tickets<\/a>\u00a0f\u00fcr den 24. und 25. Juni und verpasse nicht die 5. Ausgaben vom Zomerfolk!<\/p>\n<p>[:]<\/p>\n","protected":false},"excerpt":{"rendered":"<p>[:en] We are ready to announce the next band for Zomerfolk: PerKelt!<\/p>\n","protected":false},"author":1,"featured_media":9301,"comment_status":"closed","ping_status":"closed","sticky":false,"template":"","format":"standard","meta":{"_et_pb_use_builder":"","_et_pb_old_content":"","_et_gb_content_width":"","footnotes":""},"categories":[7,8,1],"tags":[66,24,11],"class_list":["post-9275","post","type-post","status-publish","format-standard","has-post-thumbnail","hentry","category-home","category-nieuws","category-uncategorized","tag-perkelt","tag-folk","tag-zomerfolk"],"_links":{"self":[{"href":"https:\/\/zomerfolk.nl\/en\/wp-json\/wp\/v2\/posts\/9275","targetHints":{"allow":["GET"]}}],"collection":[{"href":"https:\/\/zomerfolk.nl\/en\/wp-json\/wp\/v2\/posts"}],"about":[{"href":"https:\/\/zomerfolk.nl\/en\/wp-json\/wp\/v2\/types\/post"}],"author":[{"embeddable":true,"href":"https:\/\/zomerfolk.nl\/en\/wp-json\/wp\/v2\/users\/1"}],"replies":[{"embeddable":true,"href":"https:\/\/zomerfolk.nl\/en\/wp-json\/wp\/v2\/comments?post=9275"}],"version-history":[{"count":0,"href":"https:\/\/zomerfolk.nl\/en\/wp-json\/wp\/v2\/posts\/9275\/revisions"}],"wp:featuredmedia":[{"embeddable":true,"href":"https:\/\/zomerfolk.nl\/en\/wp-json\/wp\/v2\/media\/9301"}],"wp:attachment":[{"href":"https:\/\/zomerfolk.nl\/en\/wp-json\/wp\/v2\/media?parent=9275"}],"wp:term":[{"taxonomy":"category","embeddable":true,"href":"https:\/\/zomerfolk.nl\/en\/wp-json\/wp\/v2\/categories?post=9275"},{"taxonomy":"post_tag","embeddable":true,"href":"https:\/\/zomerfolk.nl\/en\/wp-json\/wp\/v2\/tags?post=9275"}],"curies":[{"name":"wp","href":"https:\/\/api.w.org\/{rel}","templated":true}]}}